{"id":34317,"date":"2016-08-21T16:29:08","date_gmt":"2016-08-21T19:29:08","guid":{"rendered":"https:\/\/airboysteam.com\/?p=34317"},"modified":"2016-08-21T16:30:38","modified_gmt":"2016-08-21T19:30:38","slug":"final-do-campeonato-europeu-de-parapente-em-krushevo-na-macedonia","status":"publish","type":"post","link":"https:\/\/airboysteam.com\/?p=34317","title":{"rendered":"Final do Campeonato Europeu de Parapente em Krushevo na Maced\u00f4nia"},"content":{"rendered":"<p>Ver\u00e3o europeu e os principais pilotos no Campeonato Europeu de Parapente em Krushevo na Macedonia, sem duvida uma pr\u00e9via do que ser\u00e1 o Mundial na It\u00e1lia em 2017, como sempre correria&#8230; Entre 8 a 20 de Agosto, dia de treino, cancelamento e day off, foram 9 provas resumidas abaixo.<\/p>\n<p>Primeiro dia um Race to Goal de 87.7km com o italiano Nicola Donini &#8211; OZONE EnZo2 (fall whit style \/ AeroClub Italia \/ aire cornizzo) matando a prova seguido do franc\u00eas Honorin Hamard &#8211; OZONE EnZo2 (Altitude Eyewear &#8211; CG50 &#8211; Ozone &#8211; Naviter) e em terceiro o turco Samih Sayir &#8211; GIN Boomerang10 (GIN- ISUK)&#8230; No feminino a inglesa Kristy Cameron OZONE EnZo2 (Fly Sussex; Naviter) seguido da tcheca Petra Slivova &#8211; GIN BOOMERANG10 (GIN Gliders, Flytec) e a francesa Laurie Genovese &#8211; OZONE EnZo2 (AXA Assurbanque WAILLY &#8211; Les passagers du vent &#8211; B).<br \/>\n<a href=\"http:\/\/airboysteam.com\/wp-content\/uploads\/2016\/08\/task-1798-preview-small.png\" rel=\"attachment wp-att-34318\"><br \/>\n<img loading=\"lazy\" decoding=\"async\" class=\"alignnone size-full wp-image-34318\" src=\"http:\/\/airboysteam.com\/wp-content\/uploads\/2016\/08\/task-1798-preview-small.png\" alt=\"task-1798-preview-small\" width=\"320\" height=\"210\" srcset=\"https:\/\/airboysteam.com\/wp-content\/uploads\/2016\/08\/task-1798-preview-small.png 320w, https:\/\/airboysteam.com\/wp-content\/uploads\/2016\/08\/task-1798-preview-small-300x197.png 300w\" sizes=\"auto, (max-width: 320px) 100vw, 320px\" \/><\/a>\u00a0Replay da <a href=\"https:\/\/airtribune.com\/play\/1798\/2d\" target=\"_blank\">PROVA 1<\/a>&#8230; Por equipes a italiana, alem\u00e3 e francesa dando inicio a briga pelo titulo.<\/p>\n<p><a href=\"http:\/\/airboysteam.com\/wp-content\/uploads\/2016\/08\/13906733_1744829175789777_1334846523332248410_n.jpg\" rel=\"attachment wp-att-34319\"><img loading=\"lazy\" decoding=\"async\" class=\"alignnone wp-image-34319\" src=\"http:\/\/airboysteam.com\/wp-content\/uploads\/2016\/08\/13906733_1744829175789777_1334846523332248410_n.jpg\" alt=\"13906733_1744829175789777_1334846523332248410_n\" width=\"566\" height=\"849\" srcset=\"https:\/\/airboysteam.com\/wp-content\/uploads\/2016\/08\/13906733_1744829175789777_1334846523332248410_n.jpg 640w, https:\/\/airboysteam.com\/wp-content\/uploads\/2016\/08\/13906733_1744829175789777_1334846523332248410_n-200x300.jpg 200w\" sizes=\"auto, (max-width: 566px) 100vw, 566px\" \/><\/a>\u00a0Foto\u00a0<a href=\"https:\/\/www.facebook.com\/europg2016\/photos\/pcb.1744829415789753\/1744829172456444\/?type=3&amp;theater\" target=\"_blank\">14th FAI Paragliding European Championship 2016<\/a><\/p>\n<p>Segundo dia o pelot\u00e3o continua homog\u00eaneo com alguns entrando nele, Race to Goal de 77km&#8230; O esloveno Primoz Susa &#8211; OZONE EnZo2 (camp-gabrje.com, naviter.com, High Adventure Swit) mata a prova seguido do espanhol Felix Rodriguez &#8211; OZONE EnZo2 (OZONE-NACEX-CERTIKA) e o franc\u00eas Maxine Pinot (France-Herboristerie, les Passagers du Vent, Berg).<\/p>\n<p>No feminino nipo\/francesa Seiko Fukuoka &#8211; OZONE EnZo2 (Addactis, Air links Ozone Certika Compass Oneday), a polonesa Klaudia Bulgakow &#8211; OZONE EnZo2 (Lukoil) e a francesa Laurie Genovese &#8211; OZONE EnZo2 (AXA Assurbanque WAILLY &#8211; Les passagers du vent &#8211; B)&#8230; Por equipe a equipe italiana permanece na lideran\u00e7a agora com os franceses em segundo seguido pelos eslovenos.<\/p>\n<p><a href=\"http:\/\/airboysteam.com\/wp-content\/uploads\/2016\/08\/task-1804-preview-small.png\" rel=\"attachment wp-att-34320\"><img loading=\"lazy\" decoding=\"async\" class=\"alignnone size-full wp-image-34320\" src=\"http:\/\/airboysteam.com\/wp-content\/uploads\/2016\/08\/task-1804-preview-small.png\" alt=\"task-1804-preview-small\" width=\"320\" height=\"210\" srcset=\"https:\/\/airboysteam.com\/wp-content\/uploads\/2016\/08\/task-1804-preview-small.png 320w, https:\/\/airboysteam.com\/wp-content\/uploads\/2016\/08\/task-1804-preview-small-300x197.png 300w\" sizes=\"auto, (max-width: 320px) 100vw, 320px\" \/><\/a>\u00a0Replay da <a href=\"https:\/\/airtribune.com\/play\/1804\/2d\" target=\"_blank\">PROVA2<\/a><\/p>\n<p><a href=\"http:\/\/airboysteam.com\/wp-content\/uploads\/2016\/08\/13962566_1745178602421501_648756655715401303_n.jpg\" rel=\"attachment wp-att-34321\"><img loading=\"lazy\" decoding=\"async\" class=\"alignnone wp-image-34321\" src=\"http:\/\/airboysteam.com\/wp-content\/uploads\/2016\/08\/13962566_1745178602421501_648756655715401303_n.jpg\" alt=\"13962566_1745178602421501_648756655715401303_n\" width=\"566\" height=\"849\" srcset=\"https:\/\/airboysteam.com\/wp-content\/uploads\/2016\/08\/13962566_1745178602421501_648756655715401303_n.jpg 640w, https:\/\/airboysteam.com\/wp-content\/uploads\/2016\/08\/13962566_1745178602421501_648756655715401303_n-200x300.jpg 200w\" sizes=\"auto, (max-width: 566px) 100vw, 566px\" \/><\/a>\u00a0Juiz Geral Goran Dimiskovsk &#8211; Foto 1<a href=\"https:\/\/www.facebook.com\/europg2016\/photos\/pcb.1745179069088121\/1745178602421501\/?type=3&amp;theater\" target=\"_blank\">4th FAI Paragliding Europeo Championship 2016<\/a><\/p>\n<p>Terceiro dia de prova com os dez primeiros colocados s\u00f3 OZONE&#8217;s EnZo2, fechando o ESS e finalizando no GOAL de 94.1km o italiano Mario Busetta (SalvatoreMarchesano.it, AeCI), Honorin Hamard (Altitude Eyewear &#8211; CG50 &#8211; Ozone &#8211; Naviter) da Fran\u00e7a e o esloveno Tilen Ceglar (NAVITER | High Adventure Switzerland). No feminino a GIN Boomerang da theca Petra Slivova (GIN GLIDERS, Flytec), fecha o tempo em primeiro seguido da francesa Laurie Genovese (AXA Assurbanque WAILLY &#8211; Les passagers du vent &#8211; B),\u00a0e a polonesa Klaudia Bulgakow &#8220;Lukoil&#8221; ambas de OZONE &#8211; EnZo2. Por equipe nenhuma mudan\u00e7a&#8230; Italia, Fran\u00e7a e Eslovenia.<\/p>\n<p><a href=\"http:\/\/airboysteam.com\/wp-content\/uploads\/2016\/08\/task-1819-preview-small.png\" rel=\"attachment wp-att-34322\"><img loading=\"lazy\" decoding=\"async\" class=\"alignnone size-full wp-image-34322\" src=\"http:\/\/airboysteam.com\/wp-content\/uploads\/2016\/08\/task-1819-preview-small.png\" alt=\"task-1819-preview-small\" width=\"320\" height=\"210\" srcset=\"https:\/\/airboysteam.com\/wp-content\/uploads\/2016\/08\/task-1819-preview-small.png 320w, https:\/\/airboysteam.com\/wp-content\/uploads\/2016\/08\/task-1819-preview-small-300x197.png 300w\" sizes=\"auto, (max-width: 320px) 100vw, 320px\" \/><\/a>\u00a0Replay<a href=\"https:\/\/airtribune.com\/play\/1819\/2d\" target=\"_blank\"> PROVA3<\/a><\/p>\n<p><a href=\"http:\/\/airboysteam.com\/wp-content\/uploads\/2016\/08\/P3280759.jpg\" rel=\"attachment wp-att-34324\"><img loading=\"lazy\" decoding=\"async\" class=\"alignnone wp-image-34324\" src=\"http:\/\/airboysteam.com\/wp-content\/uploads\/2016\/08\/P3280759-1024x576.jpg\" alt=\"P3280759\" width=\"566\" height=\"318\" srcset=\"https:\/\/airboysteam.com\/wp-content\/uploads\/2016\/08\/P3280759-1024x576.jpg 1024w, https:\/\/airboysteam.com\/wp-content\/uploads\/2016\/08\/P3280759-300x169.jpg 300w, https:\/\/airboysteam.com\/wp-content\/uploads\/2016\/08\/P3280759-768x432.jpg 768w, https:\/\/airboysteam.com\/wp-content\/uploads\/2016\/08\/P3280759.jpg 1551w\" sizes=\"auto, (max-width: 566px) 100vw, 566px\" \/><\/a>\u00a0Decolagem &#8211; Foto <a href=\"https:\/\/photos.google.com\/share\/AF1QipNYoJcm3H17omJo0xW9q45ZT3LEt_sitvPkkFTKUfOMLRnj3pmsW6voHEVbD7dr3w\/photo\/AF1QipOyyvFvzba6W_E0V5vW6WFpizenzyzjDlowHhFR?key=UjVqQ0gzQTZPZkxRVkMzejZpelgtcXdnWTNVTW1n\" target=\"_blank\">Philippe Broers<\/a>.<\/p>\n<p>No quarto dia franc\u00eas e dois thecos em primeiros no GOAL com um Race de 101km&#8230; Honorin Hamard &#8211; OZONE EnZo2\u00a0(Altitude Eyewear &#8211; CG50 &#8211; Ozone &#8211; Naviter), Tomas Brauner &#8211; OZONE EnZo2 (LAA CR) e Stanislav Krikar &#8211; OZONE EnZo2 (Axispara.cz, LaaCR, pgkb.cz)&#8230; No feminino 2 francesas de OZONE EnZo2, Laurie Genovese\u00a0(AXA Assurbanque WAILLY &#8211; Les passagers du vent &#8211; B) matando a prova seguido de Seiko Fukuoka (Addactis, Air links Ozone Certika Compass Oneday) e a tcheca Petra Slivova &#8211; GIN Boomerang10 (GIN Gliders, Flytec).<\/p>\n<p><a href=\"http:\/\/airboysteam.com\/wp-content\/uploads\/2016\/08\/task-1825-preview-small.png\" rel=\"attachment wp-att-34325\"><img loading=\"lazy\" decoding=\"async\" class=\"alignnone size-full wp-image-34325\" src=\"http:\/\/airboysteam.com\/wp-content\/uploads\/2016\/08\/task-1825-preview-small.png\" alt=\"task-1825-preview-small\" width=\"320\" height=\"210\" srcset=\"https:\/\/airboysteam.com\/wp-content\/uploads\/2016\/08\/task-1825-preview-small.png 320w, https:\/\/airboysteam.com\/wp-content\/uploads\/2016\/08\/task-1825-preview-small-300x197.png 300w\" sizes=\"auto, (max-width: 320px) 100vw, 320px\" \/><\/a>\u00a0Replay <a href=\"https:\/\/airtribune.com\/play\/1825\/2d\" target=\"_blank\">PROVA4<\/a><\/p>\n<p><a href=\"http:\/\/airboysteam.com\/wp-content\/uploads\/2016\/08\/P3290243.jpg\" rel=\"attachment wp-att-34326\"><img loading=\"lazy\" decoding=\"async\" class=\"alignnone wp-image-34326\" src=\"http:\/\/airboysteam.com\/wp-content\/uploads\/2016\/08\/P3290243-1024x683.jpg\" alt=\"P3290243\" width=\"566\" height=\"377\" srcset=\"https:\/\/airboysteam.com\/wp-content\/uploads\/2016\/08\/P3290243-1024x683.jpg 1024w, https:\/\/airboysteam.com\/wp-content\/uploads\/2016\/08\/P3290243-300x200.jpg 300w, https:\/\/airboysteam.com\/wp-content\/uploads\/2016\/08\/P3290243-768x512.jpg 768w, https:\/\/airboysteam.com\/wp-content\/uploads\/2016\/08\/P3290243.jpg 1308w\" sizes=\"auto, (max-width: 566px) 100vw, 566px\" \/><\/a>\u00a0Nem sempre o GOAL \u00e9 o destino final. Foto 1<a href=\"https:\/\/photos.google.com\/share\/AF1QipOEZFP5L0NbCJIUwUKBthYoxyzyc4qAUuVRpSLeq3xp2TJZ8achQfNvKUvBVnhF4Q?key=dExqZTI3ZEV5SWxOLXkwWXk3Szg2dE5pZ3hnM0hB\" target=\"_blank\">4th Paragliding Europeo Championship 2016<\/a><\/p>\n<p>&nbsp;<\/p>\n<p><a href=\"https:\/\/photos.google.com\/share\/AF1QipOSKSzSnaVAHy9EPbMQI-KQwKopd671l7Ql9fciiVmR_sUJk4grcI-akcKmhWJp0g?key=R2xiVmxlNEZaVE1Yc0hqbEJrZDVlUGhzeTc2VGZB\" target=\"_blank\">FOTOS<\/a> da Chegada da Prova5 &#8211; RESULTADOS: <a href=\"https:\/\/airtribune.com\/europg2016\/results\/task1828\/comp\/overall\" target=\"_blank\">OPEN<\/a>, <a href=\"https:\/\/airtribune.com\/europg2016\/results\/task1828\/comp\/women\" target=\"_blank\">FEMININO<\/a>\u00a0e \u00a0<a href=\"https:\/\/airtribune.com\/europg2016\/results\/task1828\/comp\/teams\" target=\"_blank\">EQUIPE<\/a>.<\/p>\n<p><a href=\"http:\/\/airboysteam.com\/wp-content\/uploads\/2016\/08\/13925617_1746808692258492_3505024542182864094_o.jpg\" rel=\"attachment wp-att-34327\"><img loading=\"lazy\" decoding=\"async\" class=\"alignnone wp-image-34327\" src=\"http:\/\/airboysteam.com\/wp-content\/uploads\/2016\/08\/13925617_1746808692258492_3505024542182864094_o-1024x683.jpg\" alt=\"13925617_1746808692258492_3505024542182864094_o\" width=\"566\" height=\"377\" srcset=\"https:\/\/airboysteam.com\/wp-content\/uploads\/2016\/08\/13925617_1746808692258492_3505024542182864094_o-1024x683.jpg 1024w, https:\/\/airboysteam.com\/wp-content\/uploads\/2016\/08\/13925617_1746808692258492_3505024542182864094_o-300x200.jpg 300w, https:\/\/airboysteam.com\/wp-content\/uploads\/2016\/08\/13925617_1746808692258492_3505024542182864094_o-768x512.jpg 768w, https:\/\/airboysteam.com\/wp-content\/uploads\/2016\/08\/13925617_1746808692258492_3505024542182864094_o.jpg 1224w\" sizes=\"auto, (max-width: 566px) 100vw, 566px\" \/><\/a>\u00a0Fotos <a href=\"http:\/\/14th Paragliding Europeo Championship 2016\" target=\"_blank\">14th Paragliding Europeo Championship 2016<\/a><\/p>\n<p><a href=\"https:\/\/photos.google.com\/share\/AF1QipPbbV1B9Qp5E6V4i3kaGlU1JEpc_e5T8jxouMEp_35V4uL8rTHD9e4nuGbePSYQHA\/photo\/AF1QipMLNU9JRQJKz5PAgXqJpJx8I-l7KMwWtz1V_IsI?key=bVhLdV9oZS0zUGIwYmVEYkV0ZmlGX0RaemdVNTNB\" target=\"_blank\">FOTOS<\/a> da PROVA6.<\/p>\n<p><a href=\"http:\/\/airboysteam.com\/wp-content\/uploads\/2016\/08\/task-1832-preview-small.png\" rel=\"attachment wp-att-34328\"><img loading=\"lazy\" decoding=\"async\" class=\"alignnone size-full wp-image-34328\" src=\"http:\/\/airboysteam.com\/wp-content\/uploads\/2016\/08\/task-1832-preview-small.png\" alt=\"task-1832-preview-small\" width=\"320\" height=\"210\" srcset=\"https:\/\/airboysteam.com\/wp-content\/uploads\/2016\/08\/task-1832-preview-small.png 320w, https:\/\/airboysteam.com\/wp-content\/uploads\/2016\/08\/task-1832-preview-small-300x197.png 300w\" sizes=\"auto, (max-width: 320px) 100vw, 320px\" \/><\/a>\u00a0Replay <a href=\"https:\/\/airtribune.com\/play\/1832\/2d\" target=\"_blank\">PROVA6<\/a><\/p>\n<p>Briefing da Prova7&#8230;<\/p>\n<p><a href=\"http:\/\/airboysteam.com\/wp-content\/uploads\/2016\/08\/P3310098.jpg\" rel=\"attachment wp-att-34329\"><img loading=\"lazy\" decoding=\"async\" class=\"alignnone wp-image-34329\" src=\"http:\/\/airboysteam.com\/wp-content\/uploads\/2016\/08\/P3310098-1024x683.jpg\" alt=\"P3310098\" width=\"566\" height=\"377\" srcset=\"https:\/\/airboysteam.com\/wp-content\/uploads\/2016\/08\/P3310098-1024x683.jpg 1024w, https:\/\/airboysteam.com\/wp-content\/uploads\/2016\/08\/P3310098-300x200.jpg 300w, https:\/\/airboysteam.com\/wp-content\/uploads\/2016\/08\/P3310098-768x512.jpg 768w, https:\/\/airboysteam.com\/wp-content\/uploads\/2016\/08\/P3310098.jpg 1308w\" sizes=\"auto, (max-width: 566px) 100vw, 566px\" \/><\/a>\u00a0Fotos <a href=\"https:\/\/photos.google.com\/share\/AF1QipOa2DAmN1CPz9g33uJOHc_Oc4fLqu6z1i0OvdSkk1i-6rpLp6HZRywdqF9Ew7LRnw\/photo\/AF1QipMtfA4sBGyDkg_ivnaxOitAQUYPXWNJo9k3HJk8?key=MVBOeDJKRFdObEpqU0IzMHFoUUxtYVBXY0x2SVRB\" target=\"_blank\">14th Paragliding Europeo Championship 2016<\/a><\/p>\n<p>RESULTADOS: <a href=\"https:\/\/airtribune.com\/europg2016\/results\/task1839\/comp\/overall\" target=\"_blank\">OPEN<\/a>, <a href=\"https:\/\/airtribune.com\/europg2016\/results\/task1839\/comp\/women\" target=\"_blank\">FEMININO<\/a>\u00a0e <a href=\"https:\/\/airtribune.com\/europg2016\/results\/task1839\/comp\/teams\" target=\"_blank\">EQUIPE<\/a><\/p>\n<p><iframe loading=\"lazy\" src=\"https:\/\/www.youtube.com\/embed\/DcgGreeA8-A\" width=\"480\" height=\"360\" frameborder=\"0\" allowfullscreen=\"allowfullscreen\"><\/iframe>\u00a0Race to Goal de 97.7km com a polonesa Klaudia Bulgakow &#8211; OZONE EnZo2 matando a prova do dia.<\/p>\n<p><a href=\"http:\/\/airboysteam.com\/wp-content\/uploads\/2016\/08\/14047113_1748645322074829_2151935520658122075_o.jpg\" rel=\"attachment wp-att-34331\"><img loading=\"lazy\" decoding=\"async\" class=\"alignnone wp-image-34331\" src=\"http:\/\/airboysteam.com\/wp-content\/uploads\/2016\/08\/14047113_1748645322074829_2151935520658122075_o-1024x683.jpg\" alt=\"14047113_1748645322074829_2151935520658122075_o\" width=\"566\" height=\"377\" srcset=\"https:\/\/airboysteam.com\/wp-content\/uploads\/2016\/08\/14047113_1748645322074829_2151935520658122075_o-1024x683.jpg 1024w, https:\/\/airboysteam.com\/wp-content\/uploads\/2016\/08\/14047113_1748645322074829_2151935520658122075_o-300x200.jpg 300w, https:\/\/airboysteam.com\/wp-content\/uploads\/2016\/08\/14047113_1748645322074829_2151935520658122075_o-768x512.jpg 768w, https:\/\/airboysteam.com\/wp-content\/uploads\/2016\/08\/14047113_1748645322074829_2151935520658122075_o.jpg 1224w\" sizes=\"auto, (max-width: 566px) 100vw, 566px\" \/><\/a>\u00a0Nas cabe\u00e7as&#8230; Briefing no dia seguinte&#8230; Matadora da prova7.<\/p>\n<p><span style=\"line-height: 1.5;\">PROVA8 &#8211; Race to Goal de 70.9km&#8230; <\/span><a style=\"line-height: 1.5;\" href=\"https:\/\/airtribune.com\/europg2016\/results\/task1844\/day\/overall\" target=\"_blank\">Vencida<\/a><span style=\"line-height: 1.5;\"> pelo italiano Joachim Oberhausen.<\/span><\/p>\n<p><a href=\"http:\/\/airboysteam.com\/wp-content\/uploads\/2016\/08\/Sem-Ti\u0301tulo.png\" rel=\"attachment wp-att-34330\"><img loading=\"lazy\" decoding=\"async\" class=\"alignnone size-full wp-image-34330\" src=\"http:\/\/airboysteam.com\/wp-content\/uploads\/2016\/08\/Sem-Ti\u0301tulo.png\" alt=\"Sem Ti\u0301tulo\" width=\"566\" height=\"274\" srcset=\"https:\/\/airboysteam.com\/wp-content\/uploads\/2016\/08\/Sem-Ti\u0301tulo.png 566w, https:\/\/airboysteam.com\/wp-content\/uploads\/2016\/08\/Sem-Ti\u0301tulo-300x145.png 300w\" sizes=\"auto, (max-width: 566px) 100vw, 566px\" \/><\/a>\u00a0Fotos da <a href=\"https:\/\/photos.google.com\/share\/AF1QipMfI_JNUIuTmqS0e7N_OU6Tn_I3QIagcpnXRrL9PeSUSpwVVH66vp9IvabPx3vM8w?key=SlJ2TFpHX2YxWDlrOU9jUU13OVg0eFQ2R3VIcVlB\" target=\"_blank\">PROVA8<\/a><\/p>\n<p>Resultado da\u00a0<a href=\"https:\/\/airtribune.com\/europg2016\/results\/task1849\/day\/overall\" target=\"_blank\">PROVA9\u00a0<\/a><\/p>\n<p><a href=\"http:\/\/airboysteam.com\/wp-content\/uploads\/2016\/08\/task-1849-preview-small.png\" rel=\"attachment wp-att-34332\"><img loading=\"lazy\" decoding=\"async\" class=\"alignnone size-full wp-image-34332\" src=\"http:\/\/airboysteam.com\/wp-content\/uploads\/2016\/08\/task-1849-preview-small.png\" alt=\"task-1849-preview-small\" width=\"320\" height=\"210\" srcset=\"https:\/\/airboysteam.com\/wp-content\/uploads\/2016\/08\/task-1849-preview-small.png 320w, https:\/\/airboysteam.com\/wp-content\/uploads\/2016\/08\/task-1849-preview-small-300x197.png 300w\" sizes=\"auto, (max-width: 320px) 100vw, 320px\" \/><\/a>\u00a0Replay <a href=\"https:\/\/airtribune.com\/play\/1849\/2d\" target=\"_blank\">PROVA9<\/a><\/p>\n<p>PREMIA\u00c7\u00c3O.<\/p>\n<p><iframe loading=\"lazy\" src=\"https:\/\/player.vimeo.com\/video\/179625092\" width=\"640\" height=\"360\" frameborder=\"0\" allowfullscreen=\"allowfullscreen\"><\/iframe><\/p>\n<p>&nbsp;<\/p>\n<p>&nbsp;<\/p>\n<p>&nbsp;<\/p>\n","protected":false},"excerpt":{"rendered":"<p>Ver\u00e3o europeu e os principais pilotos no Campeonato Europeu de Parapente em Krushevo na Macedonia, sem duvida uma pr\u00e9via do que ser\u00e1 o Mundial na It\u00e1lia em 2017, como sempre correria&#8230; Entre 8 a 20 de Agosto, dia de treino, cancelamento e day off, foram 9 provas resumidas abaixo. Primeiro dia um Race to Goal [&hellip;]<\/p>\n","protected":false},"author":1,"featured_media":34334,"comment_status":"closed","ping_status":"open","sticky":false,"template":"","format":"standard","meta":{"footnotes":""},"categories":[31],"tags":[1127,1128,519,67,838],"class_list":["post-34317","post","type-post","status-publish","format-standard","has-post-thumbnail","hentry","category-parapente","tag-campeonato-europeu-de-parapente","tag-krushevo","tag-macedonia","tag-paragliding","tag-parapente"],"yoast_head":"<!-- This site is optimized with the Yoast SEO plugin v24.4 - https:\/\/yoast.com\/wordpress\/plugins\/seo\/ -->\n<title>Final do Campeonato Europeu de Parapente em Krushevo na Maced\u00f4nia - AIRBOYS I team<\/title>\n<meta name=\"robots\" content=\"index, follow, max-snippet:-1, max-image-preview:large, max-video-preview:-1\" \/>\n<link rel=\"canonical\" href=\"https:\/\/airboysteam.com\/?p=34317\" \/>\n<meta property=\"og:locale\" content=\"en_US\" \/>\n<meta property=\"og:type\" content=\"article\" \/>\n<meta property=\"og:title\" content=\"Final do Campeonato Europeu de Parapente em Krushevo na Maced\u00f4nia - AIRBOYS I team\" \/>\n<meta property=\"og:description\" content=\"Ver\u00e3o europeu e os principais pilotos no Campeonato Europeu de Parapente em Krushevo na Macedonia, sem duvida uma pr\u00e9via do que ser\u00e1 o Mundial na It\u00e1lia em 2017, como sempre correria&#8230; Entre 8 a 20 de Agosto, dia de treino, cancelamento e day off, foram 9 provas resumidas abaixo. Primeiro dia um Race to Goal [&hellip;]\" \/>\n<meta property=\"og:url\" content=\"https:\/\/airboysteam.com\/?p=34317\" \/>\n<meta property=\"og:site_name\" content=\"AIRBOYS I team\" \/>\n<meta property=\"article:author\" content=\"https:\/\/www.facebook.com\/airboysteam\/\" \/>\n<meta property=\"article:published_time\" content=\"2016-08-21T19:29:08+00:00\" \/>\n<meta property=\"article:modified_time\" content=\"2016-08-21T19:30:38+00:00\" \/>\n<meta property=\"og:image\" content=\"https:\/\/airboysteam.com\/wp-content\/uploads\/2016\/08\/12728866_1670247286581300_5641008028047576846_n.jpg\" \/>\n\t<meta property=\"og:image:width\" content=\"960\" \/>\n\t<meta property=\"og:image:height\" content=\"960\" \/>\n\t<meta property=\"og:image:type\" content=\"image\/jpeg\" \/>\n<meta name=\"author\" content=\"airboysteam\" \/>\n<meta name=\"twitter:card\" content=\"summary_large_image\" \/>\n<meta name=\"twitter:creator\" content=\"@airboysteam\" \/>\n<meta name=\"twitter:label1\" content=\"Written by\" \/>\n\t<meta name=\"twitter:data1\" content=\"airboysteam\" \/>\n\t<meta name=\"twitter:label2\" content=\"Est. reading time\" \/>\n\t<meta name=\"twitter:data2\" content=\"3 minutes\" \/>\n<script type=\"application\/ld+json\" class=\"yoast-schema-graph\">{\"@context\":\"https:\/\/schema.org\",\"@graph\":[{\"@type\":\"WebPage\",\"@id\":\"https:\/\/airboysteam.com\/?p=34317\",\"url\":\"https:\/\/airboysteam.com\/?p=34317\",\"name\":\"Final do Campeonato Europeu de Parapente em Krushevo na Maced\u00f4nia - AIRBOYS I team\",\"isPartOf\":{\"@id\":\"https:\/\/airboysteam.com\/#website\"},\"primaryImageOfPage\":{\"@id\":\"https:\/\/airboysteam.com\/?p=34317#primaryimage\"},\"image\":{\"@id\":\"https:\/\/airboysteam.com\/?p=34317#primaryimage\"},\"thumbnailUrl\":\"https:\/\/airboysteam.com\/wp-content\/uploads\/2016\/08\/12728866_1670247286581300_5641008028047576846_n.jpg\",\"datePublished\":\"2016-08-21T19:29:08+00:00\",\"dateModified\":\"2016-08-21T19:30:38+00:00\",\"author\":{\"@id\":\"https:\/\/airboysteam.com\/#\/schema\/person\/326fcfae1e34f2f1260e5dc324ef6fe6\"},\"breadcrumb\":{\"@id\":\"https:\/\/airboysteam.com\/?p=34317#breadcrumb\"},\"inLanguage\":\"en-US\",\"potentialAction\":[{\"@type\":\"ReadAction\",\"target\":[\"https:\/\/airboysteam.com\/?p=34317\"]}]},{\"@type\":\"ImageObject\",\"inLanguage\":\"en-US\",\"@id\":\"https:\/\/airboysteam.com\/?p=34317#primaryimage\",\"url\":\"https:\/\/airboysteam.com\/wp-content\/uploads\/2016\/08\/12728866_1670247286581300_5641008028047576846_n.jpg\",\"contentUrl\":\"https:\/\/airboysteam.com\/wp-content\/uploads\/2016\/08\/12728866_1670247286581300_5641008028047576846_n.jpg\",\"width\":960,\"height\":960},{\"@type\":\"BreadcrumbList\",\"@id\":\"https:\/\/airboysteam.com\/?p=34317#breadcrumb\",\"itemListElement\":[{\"@type\":\"ListItem\",\"position\":1,\"name\":\"Home\",\"item\":\"https:\/\/airboysteam.com\/\"},{\"@type\":\"ListItem\",\"position\":2,\"name\":\"Final do Campeonato Europeu de Parapente em Krushevo na Maced\u00f4nia\"}]},{\"@type\":\"WebSite\",\"@id\":\"https:\/\/airboysteam.com\/#website\",\"url\":\"https:\/\/airboysteam.com\/\",\"name\":\"AIRBOYS I team\",\"description\":\"Paramotor and Paragliding News\",\"potentialAction\":[{\"@type\":\"SearchAction\",\"target\":{\"@type\":\"EntryPoint\",\"urlTemplate\":\"https:\/\/airboysteam.com\/?s={search_term_string}\"},\"query-input\":{\"@type\":\"PropertyValueSpecification\",\"valueRequired\":true,\"valueName\":\"search_term_string\"}}],\"inLanguage\":\"en-US\"},{\"@type\":\"Person\",\"@id\":\"https:\/\/airboysteam.com\/#\/schema\/person\/326fcfae1e34f2f1260e5dc324ef6fe6\",\"name\":\"airboysteam\",\"image\":{\"@type\":\"ImageObject\",\"inLanguage\":\"en-US\",\"@id\":\"https:\/\/airboysteam.com\/#\/schema\/person\/image\/\",\"url\":\"https:\/\/secure.gravatar.com\/avatar\/a1164578cb48b71c21d277259c498c070d288fd9e44abf96bf008b179ef662fa?s=96&d=mm&r=g\",\"contentUrl\":\"https:\/\/secure.gravatar.com\/avatar\/a1164578cb48b71c21d277259c498c070d288fd9e44abf96bf008b179ef662fa?s=96&d=mm&r=g\",\"caption\":\"airboysteam\"},\"description\":\"Instrutor de Asa Delta | Parapente pela Confedera\u00e7\u00e3o Brasileira de Voo Livre \\\"CBVL\\\" e Paramotor | Paratrike pela Confedera\u00e7\u00e3o Brasileira de Paramotor \\\"CBPM\\\" | APPI PPG.\",\"sameAs\":[\"https:\/\/www.facebook.com\/airboysteam\/\",\"https:\/\/www.instagram.com\/airboysteam\/\",\"https:\/\/x.com\/@airboysteam\",\"https:\/\/www.youtube.com\/@AIRBOYSteam\"],\"url\":\"https:\/\/airboysteam.com\/?author=1\"}]}<\/script>\n<!-- \/ Yoast SEO plugin. -->","yoast_head_json":{"title":"Final do Campeonato Europeu de Parapente em Krushevo na Maced\u00f4nia - AIRBOYS I team","robots":{"index":"index","follow":"follow","max-snippet":"max-snippet:-1","max-image-preview":"max-image-preview:large","max-video-preview":"max-video-preview:-1"},"canonical":"https:\/\/airboysteam.com\/?p=34317","og_locale":"en_US","og_type":"article","og_title":"Final do Campeonato Europeu de Parapente em Krushevo na Maced\u00f4nia - AIRBOYS I team","og_description":"Ver\u00e3o europeu e os principais pilotos no Campeonato Europeu de Parapente em Krushevo na Macedonia, sem duvida uma pr\u00e9via do que ser\u00e1 o Mundial na It\u00e1lia em 2017, como sempre correria&#8230; Entre 8 a 20 de Agosto, dia de treino, cancelamento e day off, foram 9 provas resumidas abaixo. Primeiro dia um Race to Goal [&hellip;]","og_url":"https:\/\/airboysteam.com\/?p=34317","og_site_name":"AIRBOYS I team","article_author":"https:\/\/www.facebook.com\/airboysteam\/","article_published_time":"2016-08-21T19:29:08+00:00","article_modified_time":"2016-08-21T19:30:38+00:00","og_image":[{"width":960,"height":960,"url":"https:\/\/airboysteam.com\/wp-content\/uploads\/2016\/08\/12728866_1670247286581300_5641008028047576846_n.jpg","type":"image\/jpeg"}],"author":"airboysteam","twitter_card":"summary_large_image","twitter_creator":"@airboysteam","twitter_misc":{"Written by":"airboysteam","Est. reading time":"3 minutes"},"schema":{"@context":"https:\/\/schema.org","@graph":[{"@type":"WebPage","@id":"https:\/\/airboysteam.com\/?p=34317","url":"https:\/\/airboysteam.com\/?p=34317","name":"Final do Campeonato Europeu de Parapente em Krushevo na Maced\u00f4nia - AIRBOYS I team","isPartOf":{"@id":"https:\/\/airboysteam.com\/#website"},"primaryImageOfPage":{"@id":"https:\/\/airboysteam.com\/?p=34317#primaryimage"},"image":{"@id":"https:\/\/airboysteam.com\/?p=34317#primaryimage"},"thumbnailUrl":"https:\/\/airboysteam.com\/wp-content\/uploads\/2016\/08\/12728866_1670247286581300_5641008028047576846_n.jpg","datePublished":"2016-08-21T19:29:08+00:00","dateModified":"2016-08-21T19:30:38+00:00","author":{"@id":"https:\/\/airboysteam.com\/#\/schema\/person\/326fcfae1e34f2f1260e5dc324ef6fe6"},"breadcrumb":{"@id":"https:\/\/airboysteam.com\/?p=34317#breadcrumb"},"inLanguage":"en-US","potentialAction":[{"@type":"ReadAction","target":["https:\/\/airboysteam.com\/?p=34317"]}]},{"@type":"ImageObject","inLanguage":"en-US","@id":"https:\/\/airboysteam.com\/?p=34317#primaryimage","url":"https:\/\/airboysteam.com\/wp-content\/uploads\/2016\/08\/12728866_1670247286581300_5641008028047576846_n.jpg","contentUrl":"https:\/\/airboysteam.com\/wp-content\/uploads\/2016\/08\/12728866_1670247286581300_5641008028047576846_n.jpg","width":960,"height":960},{"@type":"BreadcrumbList","@id":"https:\/\/airboysteam.com\/?p=34317#breadcrumb","itemListElement":[{"@type":"ListItem","position":1,"name":"Home","item":"https:\/\/airboysteam.com\/"},{"@type":"ListItem","position":2,"name":"Final do Campeonato Europeu de Parapente em Krushevo na Maced\u00f4nia"}]},{"@type":"WebSite","@id":"https:\/\/airboysteam.com\/#website","url":"https:\/\/airboysteam.com\/","name":"AIRBOYS I team","description":"Paramotor and Paragliding News","potentialAction":[{"@type":"SearchAction","target":{"@type":"EntryPoint","urlTemplate":"https:\/\/airboysteam.com\/?s={search_term_string}"},"query-input":{"@type":"PropertyValueSpecification","valueRequired":true,"valueName":"search_term_string"}}],"inLanguage":"en-US"},{"@type":"Person","@id":"https:\/\/airboysteam.com\/#\/schema\/person\/326fcfae1e34f2f1260e5dc324ef6fe6","name":"airboysteam","image":{"@type":"ImageObject","inLanguage":"en-US","@id":"https:\/\/airboysteam.com\/#\/schema\/person\/image\/","url":"https:\/\/secure.gravatar.com\/avatar\/a1164578cb48b71c21d277259c498c070d288fd9e44abf96bf008b179ef662fa?s=96&d=mm&r=g","contentUrl":"https:\/\/secure.gravatar.com\/avatar\/a1164578cb48b71c21d277259c498c070d288fd9e44abf96bf008b179ef662fa?s=96&d=mm&r=g","caption":"airboysteam"},"description":"Instrutor de Asa Delta | Parapente pela Confedera\u00e7\u00e3o Brasileira de Voo Livre \"CBVL\" e Paramotor | Paratrike pela Confedera\u00e7\u00e3o Brasileira de Paramotor \"CBPM\" | APPI PPG.","sameAs":["https:\/\/www.facebook.com\/airboysteam\/","https:\/\/www.instagram.com\/airboysteam\/","https:\/\/x.com\/@airboysteam","https:\/\/www.youtube.com\/@AIRBOYSteam"],"url":"https:\/\/airboysteam.com\/?author=1"}]}},"jetpack_featured_media_url":"https:\/\/airboysteam.com\/wp-content\/uploads\/2016\/08\/12728866_1670247286581300_5641008028047576846_n.jpg","_links":{"self":[{"href":"https:\/\/airboysteam.com\/index.php?rest_route=\/wp\/v2\/posts\/34317","targetHints":{"allow":["GET"]}}],"collection":[{"href":"https:\/\/airboysteam.com\/index.php?rest_route=\/wp\/v2\/posts"}],"about":[{"href":"https:\/\/airboysteam.com\/index.php?rest_route=\/wp\/v2\/types\/post"}],"author":[{"embeddable":true,"href":"https:\/\/airboysteam.com\/index.php?rest_route=\/wp\/v2\/users\/1"}],"replies":[{"embeddable":true,"href":"https:\/\/airboysteam.com\/index.php?rest_route=%2Fwp%2Fv2%2Fcomments&post=34317"}],"version-history":[{"count":1,"href":"https:\/\/airboysteam.com\/index.php?rest_route=\/wp\/v2\/posts\/34317\/revisions"}],"predecessor-version":[{"id":34333,"href":"https:\/\/airboysteam.com\/index.php?rest_route=\/wp\/v2\/posts\/34317\/revisions\/34333"}],"wp:featuredmedia":[{"embeddable":true,"href":"https:\/\/airboysteam.com\/index.php?rest_route=\/wp\/v2\/media\/34334"}],"wp:attachment":[{"href":"https:\/\/airboysteam.com\/index.php?rest_route=%2Fwp%2Fv2%2Fmedia&parent=34317"}],"wp:term":[{"taxonomy":"category","embeddable":true,"href":"https:\/\/airboysteam.com\/index.php?rest_route=%2Fwp%2Fv2%2Fcategories&post=34317"},{"taxonomy":"post_tag","embeddable":true,"href":"https:\/\/airboysteam.com\/index.php?rest_route=%2Fwp%2Fv2%2Ftags&post=34317"}],"curies":[{"name":"wp","href":"https:\/\/api.w.org\/{rel}","templated":true}]}}